{"id":3672,"date":"2025-01-07T08:50:28","date_gmt":"2025-01-07T07:50:28","guid":{"rendered":"https:\/\/www.euskalit.net\/observatorio\/?p=3672"},"modified":"2025-04-07T13:08:34","modified_gmt":"2025-04-07T11:08:34","slug":"gestion-estructurada-y-competitividad-en-el-mundo","status":"publish","type":"post","link":"https:\/\/www.euskalit.net\/observatorio\/es\/gestion-estructurada-y-competitividad-en-el-mundo\/","title":{"rendered":"Gesti\u00f3n estructurada y competitividad en el mundo"},"content":{"rendered":"\n<p>Comenzamos el a\u00f1o con un nuevo y relevante estudio sobre la gesti\u00f3n y la competitividad en empresas, publicado hace tan solo unas semanas. Se trata de &#8220;<a href=\"https:\/\/www.pnas.org\/doi\/10.1073\/pnas.2412205121\" target=\"_blank\" rel=\"noreferrer noopener\">The international empirics of management<\/a>&#8221; (2024), un trabajo que realiza un an\u00e1lisis de la relaci\u00f3n entre la estructuraci\u00f3n de la gesti\u00f3n y la competitividad de empresas manufactureras. Cabe destacar que es especialmente interesante porque lo hace a nivel internacional (algo que se ha realizado en contadas ocasiones, como ya explicamos en <a href=\"https:\/\/www.euskalit.net\/observatorio\/es\/el-nivel-de-gestion-en-el-mundo\/\" target=\"_blank\" rel=\"noreferrer noopener\">este art\u00edculo anterior<\/a>) y porque se basa en datos recopilados durante d\u00e9cadas en decenas de miles de empresas de 14 pa\u00edses (lamentablemente Espa\u00f1a no es uno de ellos). Todo ello se ha podido realizar gracias a una espectacular colaboraci\u00f3n entre organismos nacionales de estad\u00edstica, bancos centrales, organizaciones no gubernamentales y prestigiosas instituciones acad\u00e9micas de todo el mundo, tales como Harvard, Stanford o London School of Economics, entre otras.<\/p>\n\n\n\n<p>El estudio incluye varios gr\u00e1ficos que muestran con claridad sus resultados m\u00e1s relevantes. <\/p>\n\n\n\n<p>Los dos primeros permiten apreciar la evidente relaci\u00f3n positiva entre la implantaci\u00f3n de pr\u00e1cticas estructuradas de gesti\u00f3n (dividida en 10 niveles en el eje horizontal), la productividad y la rentabilidad:<\/p>\n\n\n<div class=\"wp-block-image\">\n<figure class=\"aligncenter size-full\"><img loading=\"lazy\" decoding=\"async\" width=\"485\" height=\"653\" src=\"https:\/\/www.euskalit.net\/observatorio\/wp-content\/uploads\/manage1.jpg\" alt=\"\" class=\"wp-image-3687\" srcset=\"https:\/\/www.euskalit.net\/observatorio\/wp-content\/uploads\/manage1.jpg 485w, https:\/\/www.euskalit.net\/observatorio\/wp-content\/uploads\/manage1-223x300.jpg 223w\" sizes=\"auto, (max-width: 485px) 100vw, 485px\" \/><\/figure><\/div>\n\n\n<p>Y los dos siguientes muestran tambi\u00e9n una clara relaci\u00f3n positiva entre la gesti\u00f3n estructurada y la exportaci\u00f3n y el tama\u00f1o, resultados estrechamente relacionados con la competitividad:<\/p>\n\n\n<div class=\"wp-block-image\">\n<figure class=\"aligncenter size-full\"><img loading=\"lazy\" decoding=\"async\" width=\"487\" height=\"640\" src=\"https:\/\/www.euskalit.net\/observatorio\/wp-content\/uploads\/manage2.jpg\" alt=\"\" class=\"wp-image-3689\" srcset=\"https:\/\/www.euskalit.net\/observatorio\/wp-content\/uploads\/manage2.jpg 487w, https:\/\/www.euskalit.net\/observatorio\/wp-content\/uploads\/manage2-228x300.jpg 228w\" sizes=\"auto, (max-width: 487px) 100vw, 487px\" \/><\/figure><\/div>\n\n\n<p>Adem\u00e1s, tambi\u00e9n se incluyen gr\u00e1ficos espec\u00edficos para cada uno de los 14 pa\u00edses que han aportado datos. Los primeros muestran que la correlaci\u00f3n entre una gesti\u00f3n m\u00e1s estructurada y la productividad es universal, ya que se detecta en todos ellos  (aunque es m\u00e1s evidente en pa\u00edses m\u00e1s desarrollados):<\/p>\n\n\n<div class=\"wp-block-image\">\n<figure class=\"aligncenter size-full\"><img loading=\"lazy\" decoding=\"async\" width=\"551\" height=\"793\" src=\"https:\/\/www.euskalit.net\/observatorio\/wp-content\/uploads\/manage3.jpg\" alt=\"\" class=\"wp-image-3692\" srcset=\"https:\/\/www.euskalit.net\/observatorio\/wp-content\/uploads\/manage3.jpg 551w, https:\/\/www.euskalit.net\/observatorio\/wp-content\/uploads\/manage3-208x300.jpg 208w\" sizes=\"auto, (max-width: 551px) 100vw, 551px\" \/><\/figure><\/div>\n\n\n<p> En los siguientes se puede apreciar la distribuci\u00f3n del n\u00famero de empresas de cada pa\u00eds en los diferentes niveles de gesti\u00f3n:<\/p>\n\n\n<div class=\"wp-block-image\">\n<figure class=\"aligncenter size-full\"><img loading=\"lazy\" decoding=\"async\" width=\"667\" height=\"860\" src=\"https:\/\/www.euskalit.net\/observatorio\/wp-content\/uploads\/manage5.jpg\" alt=\"\" class=\"wp-image-3694\" srcset=\"https:\/\/www.euskalit.net\/observatorio\/wp-content\/uploads\/manage5.jpg 667w, https:\/\/www.euskalit.net\/observatorio\/wp-content\/uploads\/manage5-233x300.jpg 233w\" sizes=\"auto, (max-width: 667px) 100vw, 667px\" \/><\/figure><\/div>\n\n\n<p>El equipo de investigaci\u00f3n resume as\u00ed los principales hallazgos del estudio:<\/p>\n\n\n\n<p><em>&#8220;Las empresas con pr\u00e1cticas de gesti\u00f3n m\u00e1s estructuradas tienden a tener tambi\u00e9n un mejor desempe\u00f1o econ\u00f3mico medido mediante productividad, rentabilidad, exportaci\u00f3n o tama\u00f1o. La similitud de estas relaciones entre pa\u00edses es sorprendente y sugiere que la gesti\u00f3n es una forma de capital intangible que podr\u00eda ser muy importante para comprender la riqueza de las naciones, adem\u00e1s de las medidas m\u00e1s tradicionales, como la inversi\u00f3n de capital y las competencias.&#8221;<\/em><\/p>\n\n\n\n<p>E incluyen la siguiente reflexi\u00f3n final, dirigida a gobiernos y responsables pol\u00edticos:<\/p>\n\n\n\n<p><em>&#8220;En el futuro, esperamos que estos resultados alienten a los gobiernos a recopilar peri\u00f3dicamente informaci\u00f3n sobre la gesti\u00f3n y utilizarla junto con otras medidas de desempe\u00f1o nacional.&#8221;<\/em><\/p>\n\n\n\n<p><em><strong>Podcast:<\/strong>&nbsp;En&nbsp;<a href=\"https:\/\/notebooklm.google.com\/notebook\/9aa981c4-e228-4f52-8c6c-1b1bc8f005d4\/audio\" target=\"_blank\" rel=\"noreferrer noopener\">este enlace<\/a>&nbsp;se puede escuchar un podcast sobre el contenido de este post, relacionado con el estudio &#8220;The international empirics of management&#8221; y la importancia de la gesti\u00f3n estructurada para la competitividad.<\/em><\/p>\n","protected":false},"excerpt":{"rendered":"<p>Comenzamos el a\u00f1o con un nuevo y relevante estudio sobre la gesti\u00f3n y la competitividad en empresas, publicado hace tan solo unas semanas. Se trata de &#8220;The international empirics of management&#8221; (2024), un trabajo que realiza un an\u00e1lisis de la relaci\u00f3n entre la estructuraci\u00f3n de la gesti\u00f3n y la competitividad de empresas manufactureras. Cabe destacar [&hellip;]<\/p>\n","protected":false},"author":3,"featured_media":3704,"comment_status":"closed","ping_status":"closed","sticky":false,"template":"","format":"standard","meta":{"footnotes":""},"categories":[59,62,2,55],"tags":[72],"class_list":["post-3672","post","type-post","status-publish","format-standard","has-post-thumbnail","hentry","category-estadisticas","category-industria","category-investigacion","category-resultados","tag-carrusel"],"yoast_head":"<!-- This site is optimized with the Yoast SEO plugin v24.6 - https:\/\/yoast.com\/wordpress\/plugins\/seo\/ -->\n<title>Gesti\u00f3n estructurada y competitividad en el mundo<\/title>\n<meta name=\"description\" content=\"\u00bfCu\u00e1l es la relaci\u00f3n entre la estructuraci\u00f3n de la gesti\u00f3n y la competitividad? Arrojamos luz sobre el tema analizando estudios al respecto.\" \/>\n<meta name=\"robots\" content=\"index, follow, max-snippet:-1, max-image-preview:large, max-video-preview:-1\" \/>\n<link rel=\"canonical\" href=\"https:\/\/www.euskalit.net\/observatorio\/es\/gestion-estructurada-y-competitividad-en-el-mundo\/\" \/>\n<meta property=\"og:locale\" content=\"es_ES\" \/>\n<meta property=\"og:type\" content=\"article\" \/>\n<meta property=\"og:title\" content=\"Gesti\u00f3n estructurada y competitividad en el mundo\" \/>\n<meta property=\"og:description\" content=\"\u00bfCu\u00e1l es la relaci\u00f3n entre la estructuraci\u00f3n de la gesti\u00f3n y la competitividad? Arrojamos luz sobre el tema analizando estudios al respecto.\" \/>\n<meta property=\"og:url\" content=\"https:\/\/www.euskalit.net\/observatorio\/es\/gestion-estructurada-y-competitividad-en-el-mundo\/\" \/>\n<meta property=\"og:site_name\" content=\"Euskalit\" \/>\n<meta property=\"article:published_time\" content=\"2025-01-07T07:50:28+00:00\" \/>\n<meta property=\"article:modified_time\" content=\"2025-04-07T11:08:34+00:00\" \/>\n<meta property=\"og:image\" content=\"https:\/\/www.euskalit.net\/observatorio\/wp-content\/uploads\/manage1c.jpg\" \/>\n\t<meta property=\"og:image:width\" content=\"478\" \/>\n\t<meta property=\"og:image:height\" content=\"338\" \/>\n\t<meta property=\"og:image:type\" content=\"image\/jpeg\" \/>\n<meta name=\"author\" content=\"Luis Jim\u00e9nez\" \/>\n<meta name=\"twitter:card\" content=\"summary_large_image\" \/>\n<meta name=\"twitter:label1\" content=\"Escrito por\" \/>\n\t<meta name=\"twitter:data1\" content=\"Luis Jim\u00e9nez\" \/>\n\t<meta name=\"twitter:label2\" content=\"Tiempo de lectura\" \/>\n\t<meta name=\"twitter:data2\" content=\"3 minutos\" \/>\n<script type=\"application\/ld+json\" class=\"yoast-schema-graph\">{\"@context\":\"https:\/\/schema.org\",\"@graph\":[{\"@type\":\"WebPage\",\"@id\":\"https:\/\/www.euskalit.net\/observatorio\/es\/gestion-estructurada-y-competitividad-en-el-mundo\/\",\"url\":\"https:\/\/www.euskalit.net\/observatorio\/es\/gestion-estructurada-y-competitividad-en-el-mundo\/\",\"name\":\"Gesti\u00f3n estructurada y competitividad en el mundo\",\"isPartOf\":{\"@id\":\"https:\/\/www.euskalit.net\/observatorio\/es\/#website\"},\"primaryImageOfPage\":{\"@id\":\"https:\/\/www.euskalit.net\/observatorio\/es\/gestion-estructurada-y-competitividad-en-el-mundo\/#primaryimage\"},\"image\":{\"@id\":\"https:\/\/www.euskalit.net\/observatorio\/es\/gestion-estructurada-y-competitividad-en-el-mundo\/#primaryimage\"},\"thumbnailUrl\":\"https:\/\/www.euskalit.net\/observatorio\/wp-content\/uploads\/manage1c.jpg\",\"datePublished\":\"2025-01-07T07:50:28+00:00\",\"dateModified\":\"2025-04-07T11:08:34+00:00\",\"author\":{\"@id\":\"https:\/\/www.euskalit.net\/observatorio\/es\/#\/schema\/person\/8ec73eee77fe7966bac99cb96c42f57c\"},\"description\":\"\u00bfCu\u00e1l es la relaci\u00f3n entre la estructuraci\u00f3n de la gesti\u00f3n y la competitividad? Arrojamos luz sobre el tema analizando estudios al respecto.\",\"breadcrumb\":{\"@id\":\"https:\/\/www.euskalit.net\/observatorio\/es\/gestion-estructurada-y-competitividad-en-el-mundo\/#breadcrumb\"},\"inLanguage\":\"es\",\"potentialAction\":[{\"@type\":\"ReadAction\",\"target\":[\"https:\/\/www.euskalit.net\/observatorio\/es\/gestion-estructurada-y-competitividad-en-el-mundo\/\"]}]},{\"@type\":\"ImageObject\",\"inLanguage\":\"es\",\"@id\":\"https:\/\/www.euskalit.net\/observatorio\/es\/gestion-estructurada-y-competitividad-en-el-mundo\/#primaryimage\",\"url\":\"https:\/\/www.euskalit.net\/observatorio\/wp-content\/uploads\/manage1c.jpg\",\"contentUrl\":\"https:\/\/www.euskalit.net\/observatorio\/wp-content\/uploads\/manage1c.jpg\",\"width\":478,\"height\":338},{\"@type\":\"BreadcrumbList\",\"@id\":\"https:\/\/www.euskalit.net\/observatorio\/es\/gestion-estructurada-y-competitividad-en-el-mundo\/#breadcrumb\",\"itemListElement\":[{\"@type\":\"ListItem\",\"position\":1,\"name\":\"Portada\",\"item\":\"https:\/\/www.euskalit.net\/observatorio\/es\/\"},{\"@type\":\"ListItem\",\"position\":2,\"name\":\"Gesti\u00f3n estructurada y competitividad en el mundo\"}]},{\"@type\":\"WebSite\",\"@id\":\"https:\/\/www.euskalit.net\/observatorio\/es\/#website\",\"url\":\"https:\/\/www.euskalit.net\/observatorio\/es\/\",\"name\":\"Euskalit\",\"description\":\"Observatorio de Gesti\u00f3n\",\"potentialAction\":[{\"@type\":\"SearchAction\",\"target\":{\"@type\":\"EntryPoint\",\"urlTemplate\":\"https:\/\/www.euskalit.net\/observatorio\/es\/?s={search_term_string}\"},\"query-input\":{\"@type\":\"PropertyValueSpecification\",\"valueRequired\":true,\"valueName\":\"search_term_string\"}}],\"inLanguage\":\"es\"},{\"@type\":\"Person\",\"@id\":\"https:\/\/www.euskalit.net\/observatorio\/es\/#\/schema\/person\/8ec73eee77fe7966bac99cb96c42f57c\",\"name\":\"Luis Jim\u00e9nez\",\"image\":{\"@type\":\"ImageObject\",\"inLanguage\":\"es\",\"@id\":\"https:\/\/www.euskalit.net\/observatorio\/es\/#\/schema\/person\/image\/\",\"url\":\"https:\/\/secure.gravatar.com\/avatar\/b732dcaa0eb9aa7a36f1b0ce7560c1e1?s=96&d=mm&r=g\",\"contentUrl\":\"https:\/\/secure.gravatar.com\/avatar\/b732dcaa0eb9aa7a36f1b0ce7560c1e1?s=96&d=mm&r=g\",\"caption\":\"Luis Jim\u00e9nez\"},\"url\":\"https:\/\/www.euskalit.net\/observatorio\/es\/author\/luisjimenez\/\"}]}<\/script>\n<!-- \/ Yoast SEO plugin. -->","yoast_head_json":{"title":"Gesti\u00f3n estructurada y competitividad en el mundo","description":"\u00bfCu\u00e1l es la relaci\u00f3n entre la estructuraci\u00f3n de la gesti\u00f3n y la competitividad? Arrojamos luz sobre el tema analizando estudios al respecto.","robots":{"index":"index","follow":"follow","max-snippet":"max-snippet:-1","max-image-preview":"max-image-preview:large","max-video-preview":"max-video-preview:-1"},"canonical":"https:\/\/www.euskalit.net\/observatorio\/es\/gestion-estructurada-y-competitividad-en-el-mundo\/","og_locale":"es_ES","og_type":"article","og_title":"Gesti\u00f3n estructurada y competitividad en el mundo","og_description":"\u00bfCu\u00e1l es la relaci\u00f3n entre la estructuraci\u00f3n de la gesti\u00f3n y la competitividad? Arrojamos luz sobre el tema analizando estudios al respecto.","og_url":"https:\/\/www.euskalit.net\/observatorio\/es\/gestion-estructurada-y-competitividad-en-el-mundo\/","og_site_name":"Euskalit","article_published_time":"2025-01-07T07:50:28+00:00","article_modified_time":"2025-04-07T11:08:34+00:00","og_image":[{"width":478,"height":338,"url":"https:\/\/www.euskalit.net\/observatorio\/wp-content\/uploads\/manage1c.jpg","type":"image\/jpeg"}],"author":"Luis Jim\u00e9nez","twitter_card":"summary_large_image","twitter_misc":{"Escrito por":"Luis Jim\u00e9nez","Tiempo de lectura":"3 minutos"},"schema":{"@context":"https:\/\/schema.org","@graph":[{"@type":"WebPage","@id":"https:\/\/www.euskalit.net\/observatorio\/es\/gestion-estructurada-y-competitividad-en-el-mundo\/","url":"https:\/\/www.euskalit.net\/observatorio\/es\/gestion-estructurada-y-competitividad-en-el-mundo\/","name":"Gesti\u00f3n estructurada y competitividad en el mundo","isPartOf":{"@id":"https:\/\/www.euskalit.net\/observatorio\/es\/#website"},"primaryImageOfPage":{"@id":"https:\/\/www.euskalit.net\/observatorio\/es\/gestion-estructurada-y-competitividad-en-el-mundo\/#primaryimage"},"image":{"@id":"https:\/\/www.euskalit.net\/observatorio\/es\/gestion-estructurada-y-competitividad-en-el-mundo\/#primaryimage"},"thumbnailUrl":"https:\/\/www.euskalit.net\/observatorio\/wp-content\/uploads\/manage1c.jpg","datePublished":"2025-01-07T07:50:28+00:00","dateModified":"2025-04-07T11:08:34+00:00","author":{"@id":"https:\/\/www.euskalit.net\/observatorio\/es\/#\/schema\/person\/8ec73eee77fe7966bac99cb96c42f57c"},"description":"\u00bfCu\u00e1l es la relaci\u00f3n entre la estructuraci\u00f3n de la gesti\u00f3n y la competitividad? Arrojamos luz sobre el tema analizando estudios al respecto.","breadcrumb":{"@id":"https:\/\/www.euskalit.net\/observatorio\/es\/gestion-estructurada-y-competitividad-en-el-mundo\/#breadcrumb"},"inLanguage":"es","potentialAction":[{"@type":"ReadAction","target":["https:\/\/www.euskalit.net\/observatorio\/es\/gestion-estructurada-y-competitividad-en-el-mundo\/"]}]},{"@type":"ImageObject","inLanguage":"es","@id":"https:\/\/www.euskalit.net\/observatorio\/es\/gestion-estructurada-y-competitividad-en-el-mundo\/#primaryimage","url":"https:\/\/www.euskalit.net\/observatorio\/wp-content\/uploads\/manage1c.jpg","contentUrl":"https:\/\/www.euskalit.net\/observatorio\/wp-content\/uploads\/manage1c.jpg","width":478,"height":338},{"@type":"BreadcrumbList","@id":"https:\/\/www.euskalit.net\/observatorio\/es\/gestion-estructurada-y-competitividad-en-el-mundo\/#breadcrumb","itemListElement":[{"@type":"ListItem","position":1,"name":"Portada","item":"https:\/\/www.euskalit.net\/observatorio\/es\/"},{"@type":"ListItem","position":2,"name":"Gesti\u00f3n estructurada y competitividad en el mundo"}]},{"@type":"WebSite","@id":"https:\/\/www.euskalit.net\/observatorio\/es\/#website","url":"https:\/\/www.euskalit.net\/observatorio\/es\/","name":"Euskalit","description":"Observatorio de Gesti\u00f3n","potentialAction":[{"@type":"SearchAction","target":{"@type":"EntryPoint","urlTemplate":"https:\/\/www.euskalit.net\/observatorio\/es\/?s={search_term_string}"},"query-input":{"@type":"PropertyValueSpecification","valueRequired":true,"valueName":"search_term_string"}}],"inLanguage":"es"},{"@type":"Person","@id":"https:\/\/www.euskalit.net\/observatorio\/es\/#\/schema\/person\/8ec73eee77fe7966bac99cb96c42f57c","name":"Luis Jim\u00e9nez","image":{"@type":"ImageObject","inLanguage":"es","@id":"https:\/\/www.euskalit.net\/observatorio\/es\/#\/schema\/person\/image\/","url":"https:\/\/secure.gravatar.com\/avatar\/b732dcaa0eb9aa7a36f1b0ce7560c1e1?s=96&d=mm&r=g","contentUrl":"https:\/\/secure.gravatar.com\/avatar\/b732dcaa0eb9aa7a36f1b0ce7560c1e1?s=96&d=mm&r=g","caption":"Luis Jim\u00e9nez"},"url":"https:\/\/www.euskalit.net\/observatorio\/es\/author\/luisjimenez\/"}]}},"views":7,"_links":{"self":[{"href":"https:\/\/www.euskalit.net\/observatorio\/es\/wp-json\/wp\/v2\/posts\/3672","targetHints":{"allow":["GET"]}}],"collection":[{"href":"https:\/\/www.euskalit.net\/observatorio\/es\/wp-json\/wp\/v2\/posts"}],"about":[{"href":"https:\/\/www.euskalit.net\/observatorio\/es\/wp-json\/wp\/v2\/types\/post"}],"author":[{"embeddable":true,"href":"https:\/\/www.euskalit.net\/observatorio\/es\/wp-json\/wp\/v2\/users\/3"}],"replies":[{"embeddable":true,"href":"https:\/\/www.euskalit.net\/observatorio\/es\/wp-json\/wp\/v2\/comments?post=3672"}],"version-history":[{"count":18,"href":"https:\/\/www.euskalit.net\/observatorio\/es\/wp-json\/wp\/v2\/posts\/3672\/revisions"}],"predecessor-version":[{"id":3719,"href":"https:\/\/www.euskalit.net\/observatorio\/es\/wp-json\/wp\/v2\/posts\/3672\/revisions\/3719"}],"wp:featuredmedia":[{"embeddable":true,"href":"https:\/\/www.euskalit.net\/observatorio\/es\/wp-json\/wp\/v2\/media\/3704"}],"wp:attachment":[{"href":"https:\/\/www.euskalit.net\/observatorio\/es\/wp-json\/wp\/v2\/media?parent=3672"}],"wp:term":[{"taxonomy":"category","embeddable":true,"href":"https:\/\/www.euskalit.net\/observatorio\/es\/wp-json\/wp\/v2\/categories?post=3672"},{"taxonomy":"post_tag","embeddable":true,"href":"https:\/\/www.euskalit.net\/observatorio\/es\/wp-json\/wp\/v2\/tags?post=3672"}],"curies":[{"name":"wp","href":"https:\/\/api.w.org\/{rel}","templated":true}]}}