{"id":2740,"date":"2023-04-26T16:22:05","date_gmt":"2023-04-26T14:22:05","guid":{"rendered":"https:\/\/www.euskalit.net\/observatorio\/?p=2740"},"modified":"2023-05-18T16:07:04","modified_gmt":"2023-05-18T14:07:04","slug":"alineando-el-proposito-de-la-organizacion-y-el-de-las-personas","status":"publish","type":"post","link":"https:\/\/www.euskalit.net\/observatorio\/es\/alineando-el-proposito-de-la-organizacion-y-el-de-las-personas\/","title":{"rendered":"Alineando el prop\u00f3sito de la organizaci\u00f3n y el de las personas"},"content":{"rendered":"\n<p>En <a href=\"https:\/\/www.euskalit.net\/archivos\/202301\/modelogestionavanzada_2023.pdf?1\" target=\"_blank\" rel=\"noreferrer noopener\">la \u00faltima revisi\u00f3n del Modelo de Gesti\u00f3n Avanzada<\/a> se ha incorporado el t\u00e9rmino &#8220;prop\u00f3sito&#8221;, definido como &#8220;<em>Raz\u00f3n de ser profunda de la organizaci\u00f3n y sus objetivos m\u00e1s fundamentales<\/em>&#8220;. Junto con la misi\u00f3n, visi\u00f3n, valores o principios \u00e9ticos, es otro mecanismo que puede ayudarnos a definir la identidad y la proyecci\u00f3n de la organizaci\u00f3n. Su funci\u00f3n ser\u00eda la de &#8220;<em>aportar sentido, ideales a los que aspirar, orientaci\u00f3n, uni\u00f3n y motivaci\u00f3n, yendo m\u00e1s all\u00e1 de los objetivos de negocio o actividad principal<\/em>&#8220;, como se detalla en el glosario del MGA (y como se deduce de investigaciones como &#8220;<a href=\"https:\/\/www.frontiersin.org\/articles\/10.3389\/fpsyg.2021.675543\/full\" target=\"_blank\" rel=\"noreferrer noopener\">Exploring the Meaning of Organizational Purpose at a New Dawn: The Development of a Conceptual Model Through Expert Interviews<\/a>&#8220;).<\/p>\n\n\n\n<p>Lo cierto es que su utilizaci\u00f3n ha ido tomando relevancia durante los \u00faltimos a\u00f1os, posiblemente debido a que <a href=\"http:\/\/The Real Mission of the Mission Statement: A Systematic Review of the Literature\" target=\"_blank\" rel=\"noreferrer noopener\">los estudios<\/a> asocian la definici\u00f3n y formalizaci\u00f3n de esta <em>raz\u00f3n de ser \u00faltima<\/em> (a trav\u00e9s del prop\u00f3sito o de la misi\u00f3n) con buenos resultados y enfoques m\u00e1s avanzados. De cualquier forma, estas definiciones se refieren al &#8220;prop\u00f3sito corporativo&#8221;, es decir, a la <em>raz\u00f3n de ser <\/em> de la organizaci\u00f3n en su conjunto, por lo que una de las cuestiones que se puede plantear a la hora de gestionarlo es su conexi\u00f3n con las personas individuales. \u00bfQu\u00e9 pueden aportar al prop\u00f3sito y qu\u00e9 les puede aportar el prop\u00f3sito a ellas? <\/p>\n\n\n\n<p>Posiblemente la clave radica en el nexo entre el <em>prop\u00f3sito personal<\/em> y el <em>prop\u00f3sito corporativo<\/em>. Revisiones recientes como &#8220;<a href=\"https:\/\/psycnet.apa.org\/doiLanding?doi=10.1037%2Fapl0000133\" target=\"_blank\" rel=\"noreferrer noopener\">Motivation related to work: A century of progress<\/a>&#8221; (2017)  muestran que una forma de favorecer la motivaci\u00f3n de las personas es aportando sentido a su trabajo, lo cual se consigue alineando los deseos y necesidades personales con las actividades laborales. Estudios como &#8220;<a href=\"https:\/\/onlinelibrary.wiley.com\/doi\/abs\/10.1111\/joms.12406\" target=\"_blank\" rel=\"noreferrer noopener\">Outcomes of Meaningful Work: A Meta-Analysis<\/a>&#8221; (2018) concluyen que cuando las personas perciben que su trabajo &#8220;tiene sentido&#8221;, es decir, les ayuda a satisfacer sus deseos y necesidades personales, tambi\u00e9n sienten m\u00e1s compromiso, m\u00e1s satisfacci\u00f3n y menos deseos de abandonar la empresa. Obviamente, si esos deseos y necesidades personales, adem\u00e1s de con las actividades del d\u00eda a d\u00eda, est\u00e1n alineados con al prop\u00f3sito corporativo, la conexi\u00f3n ser\u00e1 a\u00fan mayor. Y para que todo ello pueda ocurrir las personas deben percibir la coherencia de todo este sistema. <\/p>\n\n\n\n<p>En definitiva, el prop\u00f3sito corporativo deber\u00eda ser real, honesto y tener &#8220;componentes&#8221; o enfoques susceptibles de alinearse con los prop\u00f3sitos personales.<\/p>\n\n\n\n<p>El estudio &#8220;<a href=\"https:\/\/onlinelibrary.wiley.com\/doi\/10.1111\/joms.12852\" target=\"_blank\" rel=\"noreferrer noopener\">Perceived Organizational Purpose: Systematic Literature Review, Construct Definition, Measurement and Potential Employee Outcome<\/a>&#8221; (2022) puede aportar algunas ideas interesantes en este sentido. En este trabajo se analizaron los factores relacionados con la percepci\u00f3n que tienen las personas sobre el prop\u00f3sito corporativo; lo llamaron &#8220;<em><strong>prop\u00f3sito organizacional percibido<\/strong><\/em>&#8221; y lo definieron de la siguiente forma:<\/p>\n\n\n\n<p><em>&#8220;&#8230; percepci\u00f3n individual de una aspiraci\u00f3n aut\u00e9ntica a nivel organizacional de contribuir positivamente a la sociedad, que gu\u00eda todas las decisiones organizacionales y brinda inspiraci\u00f3n en las operaciones diarias&#8221;.<\/em><\/p>\n\n\n\n<p>Encontraron cuatro factores que deber\u00eda incluir un &#8220;<em>buen<\/em>&#8221; prop\u00f3sito corporativo:<\/p>\n\n\n\n<ul class=\"wp-block-list\">\n<li><strong>Contribuci\u00f3n<\/strong> (a la sociedad).<\/li>\n\n\n\n<li><strong>Autenticidad<\/strong> (cultura, valores y creencias).<\/li>\n\n\n\n<li><strong>Gu\u00eda<\/strong> (para orientar el d\u00eda a d\u00eda).<\/li>\n\n\n\n<li><strong>Inspiraci\u00f3n<\/strong> (fin &#8220;superior&#8221;).<\/li>\n<\/ul>\n\n\n\n<p>Y en base a estos cuatro factores desarrollaron el siguiente cuestionario, que se puede utilizar para que las personas eval\u00faen el prop\u00f3sito de una organizaci\u00f3n:<\/p>\n\n\n\n<ul class=\"wp-block-list\">\n<li>Mi organizaci\u00f3n tiene como objetivo contribuir a un bien com\u00fan.<\/li>\n\n\n\n<li>Mi organizaci\u00f3n busca crear un cambio positivo en el mundo.<\/li>\n\n\n\n<li>Mi organizaci\u00f3n tiene como objetivo lograr algo que va m\u00e1s all\u00e1 de su propio beneficio.<\/li>\n\n\n\n<li>Mi organizaci\u00f3n se mantiene fiel a sus valores fundamentales incluso cuando hay conflictos.<\/li>\n\n\n\n<li>Mi organizaci\u00f3n est\u00e1 totalmente comprometida con sus objetivos globales.<\/li>\n\n\n\n<li>Mi organizaci\u00f3n encarna de forma cre\u00edble sus valores fundamentales.<\/li>\n\n\n\n<li>Los objetivos globales de mi organizaci\u00f3n aportan orientaci\u00f3n en situaciones complejas.<\/li>\n\n\n\n<li>Los objetivos prioritarios de mi organizaci\u00f3n gu\u00edan las decisiones y las acciones.<\/li>\n\n\n\n<li>Los objetivos globales de mi organizaci\u00f3n aportan orientaci\u00f3n estable en tiempos de muchos cambios.<\/li>\n\n\n\n<li>Mi organizaci\u00f3n une inspirando metas m\u00e1s elevadas.<\/li>\n\n\n\n<li>Mi organizaci\u00f3n transmite la idea de formar parte de algo mayor.<\/li>\n\n\n\n<li>Mi organizaci\u00f3n inspira proporcionando una raz\u00f3n &#8220;superior&#8221;.<\/li>\n<\/ul>\n\n\n\n<p>Son ideas interesantes que pueden ser \u00fatiles a la hora de establecer una sistem\u00e1tica para definir y revisar el prop\u00f3sito y la misi\u00f3n, \u00bfno creen?<\/p>\n\n\n\n<p><\/p>\n\n\n\n<p><\/p>\n\n\n\n<p><\/p>\n","protected":false},"excerpt":{"rendered":"<p>En la \u00faltima revisi\u00f3n del Modelo de Gesti\u00f3n Avanzada se ha incorporado el t\u00e9rmino &#8220;prop\u00f3sito&#8221;, definido como &#8220;Raz\u00f3n de ser profunda de la organizaci\u00f3n y sus objetivos m\u00e1s fundamentales&#8220;. Junto con la misi\u00f3n, visi\u00f3n, valores o principios \u00e9ticos, es otro mecanismo que puede ayudarnos a definir la identidad y la proyecci\u00f3n de la organizaci\u00f3n. Su [&hellip;]<\/p>\n","protected":false},"author":3,"featured_media":2756,"comment_status":"closed","ping_status":"closed","sticky":false,"template":"","format":"standard","meta":{"footnotes":""},"categories":[6,2,7],"tags":[],"class_list":["post-2740","post","type-post","status-publish","format-standard","has-post-thumbnail","hentry","category-estrategia","category-investigacion","category-personas"],"yoast_head":"<!-- This site is optimized with the Yoast SEO plugin v24.6 - https:\/\/yoast.com\/wordpress\/plugins\/seo\/ -->\n<title>Alineando el prop\u00f3sito de la organizaci\u00f3n y el de las personas<\/title>\n<meta name=\"description\" content=\"Junto con la misi\u00f3n, visi\u00f3n y valores, el prop\u00f3sito es otro mecanismo que ayuda a definir la identidad y proyecci\u00f3n de una organizaci\u00f3n.\" \/>\n<meta name=\"robots\" content=\"index, follow, max-snippet:-1, max-image-preview:large, max-video-preview:-1\" \/>\n<link rel=\"canonical\" href=\"https:\/\/www.euskalit.net\/observatorio\/es\/alineando-el-proposito-de-la-organizacion-y-el-de-las-personas\/\" \/>\n<meta property=\"og:locale\" content=\"es_ES\" \/>\n<meta property=\"og:type\" content=\"article\" \/>\n<meta property=\"og:title\" content=\"Alineando el prop\u00f3sito de la organizaci\u00f3n y el de las personas\" \/>\n<meta property=\"og:description\" content=\"Junto con la misi\u00f3n, visi\u00f3n y valores, el prop\u00f3sito es otro mecanismo que ayuda a definir la identidad y proyecci\u00f3n de una organizaci\u00f3n.\" \/>\n<meta property=\"og:url\" content=\"https:\/\/www.euskalit.net\/observatorio\/es\/alineando-el-proposito-de-la-organizacion-y-el-de-las-personas\/\" \/>\n<meta property=\"og:site_name\" content=\"Euskalit\" \/>\n<meta property=\"article:published_time\" content=\"2023-04-26T14:22:05+00:00\" \/>\n<meta property=\"article:modified_time\" content=\"2023-05-18T14:07:04+00:00\" \/>\n<meta property=\"og:image\" content=\"https:\/\/www.euskalit.net\/observatorio\/wp-content\/uploads\/purpose.jpg\" \/>\n\t<meta property=\"og:image:width\" content=\"590\" \/>\n\t<meta property=\"og:image:height\" content=\"332\" \/>\n\t<meta property=\"og:image:type\" content=\"image\/jpeg\" \/>\n<meta name=\"author\" content=\"Luis Jim\u00e9nez\" \/>\n<meta name=\"twitter:card\" content=\"summary_large_image\" \/>\n<meta name=\"twitter:label1\" content=\"Escrito por\" \/>\n\t<meta name=\"twitter:data1\" content=\"Luis Jim\u00e9nez\" \/>\n\t<meta name=\"twitter:label2\" content=\"Tiempo de lectura\" \/>\n\t<meta name=\"twitter:data2\" content=\"4 minutos\" \/>\n<script type=\"application\/ld+json\" class=\"yoast-schema-graph\">{\"@context\":\"https:\/\/schema.org\",\"@graph\":[{\"@type\":\"WebPage\",\"@id\":\"https:\/\/www.euskalit.net\/observatorio\/es\/alineando-el-proposito-de-la-organizacion-y-el-de-las-personas\/\",\"url\":\"https:\/\/www.euskalit.net\/observatorio\/es\/alineando-el-proposito-de-la-organizacion-y-el-de-las-personas\/\",\"name\":\"Alineando el prop\u00f3sito de la organizaci\u00f3n y el de las personas\",\"isPartOf\":{\"@id\":\"https:\/\/www.euskalit.net\/observatorio\/es\/#website\"},\"primaryImageOfPage\":{\"@id\":\"https:\/\/www.euskalit.net\/observatorio\/es\/alineando-el-proposito-de-la-organizacion-y-el-de-las-personas\/#primaryimage\"},\"image\":{\"@id\":\"https:\/\/www.euskalit.net\/observatorio\/es\/alineando-el-proposito-de-la-organizacion-y-el-de-las-personas\/#primaryimage\"},\"thumbnailUrl\":\"https:\/\/www.euskalit.net\/observatorio\/wp-content\/uploads\/purpose.jpg\",\"datePublished\":\"2023-04-26T14:22:05+00:00\",\"dateModified\":\"2023-05-18T14:07:04+00:00\",\"author\":{\"@id\":\"https:\/\/www.euskalit.net\/observatorio\/es\/#\/schema\/person\/8ec73eee77fe7966bac99cb96c42f57c\"},\"description\":\"Junto con la misi\u00f3n, visi\u00f3n y valores, el prop\u00f3sito es otro mecanismo que ayuda a definir la identidad y proyecci\u00f3n de una organizaci\u00f3n.\",\"breadcrumb\":{\"@id\":\"https:\/\/www.euskalit.net\/observatorio\/es\/alineando-el-proposito-de-la-organizacion-y-el-de-las-personas\/#breadcrumb\"},\"inLanguage\":\"es\",\"potentialAction\":[{\"@type\":\"ReadAction\",\"target\":[\"https:\/\/www.euskalit.net\/observatorio\/es\/alineando-el-proposito-de-la-organizacion-y-el-de-las-personas\/\"]}]},{\"@type\":\"ImageObject\",\"inLanguage\":\"es\",\"@id\":\"https:\/\/www.euskalit.net\/observatorio\/es\/alineando-el-proposito-de-la-organizacion-y-el-de-las-personas\/#primaryimage\",\"url\":\"https:\/\/www.euskalit.net\/observatorio\/wp-content\/uploads\/purpose.jpg\",\"contentUrl\":\"https:\/\/www.euskalit.net\/observatorio\/wp-content\/uploads\/purpose.jpg\",\"width\":590,\"height\":332},{\"@type\":\"BreadcrumbList\",\"@id\":\"https:\/\/www.euskalit.net\/observatorio\/es\/alineando-el-proposito-de-la-organizacion-y-el-de-las-personas\/#breadcrumb\",\"itemListElement\":[{\"@type\":\"ListItem\",\"position\":1,\"name\":\"Portada\",\"item\":\"https:\/\/www.euskalit.net\/observatorio\/es\/\"},{\"@type\":\"ListItem\",\"position\":2,\"name\":\"Alineando el prop\u00f3sito de la organizaci\u00f3n y el de las personas\"}]},{\"@type\":\"WebSite\",\"@id\":\"https:\/\/www.euskalit.net\/observatorio\/es\/#website\",\"url\":\"https:\/\/www.euskalit.net\/observatorio\/es\/\",\"name\":\"Euskalit\",\"description\":\"Observatorio de Gesti\u00f3n\",\"potentialAction\":[{\"@type\":\"SearchAction\",\"target\":{\"@type\":\"EntryPoint\",\"urlTemplate\":\"https:\/\/www.euskalit.net\/observatorio\/es\/?s={search_term_string}\"},\"query-input\":{\"@type\":\"PropertyValueSpecification\",\"valueRequired\":true,\"valueName\":\"search_term_string\"}}],\"inLanguage\":\"es\"},{\"@type\":\"Person\",\"@id\":\"https:\/\/www.euskalit.net\/observatorio\/es\/#\/schema\/person\/8ec73eee77fe7966bac99cb96c42f57c\",\"name\":\"Luis Jim\u00e9nez\",\"image\":{\"@type\":\"ImageObject\",\"inLanguage\":\"es\",\"@id\":\"https:\/\/www.euskalit.net\/observatorio\/es\/#\/schema\/person\/image\/\",\"url\":\"https:\/\/secure.gravatar.com\/avatar\/b732dcaa0eb9aa7a36f1b0ce7560c1e1?s=96&d=mm&r=g\",\"contentUrl\":\"https:\/\/secure.gravatar.com\/avatar\/b732dcaa0eb9aa7a36f1b0ce7560c1e1?s=96&d=mm&r=g\",\"caption\":\"Luis Jim\u00e9nez\"},\"url\":\"https:\/\/www.euskalit.net\/observatorio\/es\/author\/luisjimenez\/\"}]}<\/script>\n<!-- \/ Yoast SEO plugin. -->","yoast_head_json":{"title":"Alineando el prop\u00f3sito de la organizaci\u00f3n y el de las personas","description":"Junto con la misi\u00f3n, visi\u00f3n y valores, el prop\u00f3sito es otro mecanismo que ayuda a definir la identidad y proyecci\u00f3n de una organizaci\u00f3n.","robots":{"index":"index","follow":"follow","max-snippet":"max-snippet:-1","max-image-preview":"max-image-preview:large","max-video-preview":"max-video-preview:-1"},"canonical":"https:\/\/www.euskalit.net\/observatorio\/es\/alineando-el-proposito-de-la-organizacion-y-el-de-las-personas\/","og_locale":"es_ES","og_type":"article","og_title":"Alineando el prop\u00f3sito de la organizaci\u00f3n y el de las personas","og_description":"Junto con la misi\u00f3n, visi\u00f3n y valores, el prop\u00f3sito es otro mecanismo que ayuda a definir la identidad y proyecci\u00f3n de una organizaci\u00f3n.","og_url":"https:\/\/www.euskalit.net\/observatorio\/es\/alineando-el-proposito-de-la-organizacion-y-el-de-las-personas\/","og_site_name":"Euskalit","article_published_time":"2023-04-26T14:22:05+00:00","article_modified_time":"2023-05-18T14:07:04+00:00","og_image":[{"width":590,"height":332,"url":"https:\/\/www.euskalit.net\/observatorio\/wp-content\/uploads\/purpose.jpg","type":"image\/jpeg"}],"author":"Luis Jim\u00e9nez","twitter_card":"summary_large_image","twitter_misc":{"Escrito por":"Luis Jim\u00e9nez","Tiempo de lectura":"4 minutos"},"schema":{"@context":"https:\/\/schema.org","@graph":[{"@type":"WebPage","@id":"https:\/\/www.euskalit.net\/observatorio\/es\/alineando-el-proposito-de-la-organizacion-y-el-de-las-personas\/","url":"https:\/\/www.euskalit.net\/observatorio\/es\/alineando-el-proposito-de-la-organizacion-y-el-de-las-personas\/","name":"Alineando el prop\u00f3sito de la organizaci\u00f3n y el de las personas","isPartOf":{"@id":"https:\/\/www.euskalit.net\/observatorio\/es\/#website"},"primaryImageOfPage":{"@id":"https:\/\/www.euskalit.net\/observatorio\/es\/alineando-el-proposito-de-la-organizacion-y-el-de-las-personas\/#primaryimage"},"image":{"@id":"https:\/\/www.euskalit.net\/observatorio\/es\/alineando-el-proposito-de-la-organizacion-y-el-de-las-personas\/#primaryimage"},"thumbnailUrl":"https:\/\/www.euskalit.net\/observatorio\/wp-content\/uploads\/purpose.jpg","datePublished":"2023-04-26T14:22:05+00:00","dateModified":"2023-05-18T14:07:04+00:00","author":{"@id":"https:\/\/www.euskalit.net\/observatorio\/es\/#\/schema\/person\/8ec73eee77fe7966bac99cb96c42f57c"},"description":"Junto con la misi\u00f3n, visi\u00f3n y valores, el prop\u00f3sito es otro mecanismo que ayuda a definir la identidad y proyecci\u00f3n de una organizaci\u00f3n.","breadcrumb":{"@id":"https:\/\/www.euskalit.net\/observatorio\/es\/alineando-el-proposito-de-la-organizacion-y-el-de-las-personas\/#breadcrumb"},"inLanguage":"es","potentialAction":[{"@type":"ReadAction","target":["https:\/\/www.euskalit.net\/observatorio\/es\/alineando-el-proposito-de-la-organizacion-y-el-de-las-personas\/"]}]},{"@type":"ImageObject","inLanguage":"es","@id":"https:\/\/www.euskalit.net\/observatorio\/es\/alineando-el-proposito-de-la-organizacion-y-el-de-las-personas\/#primaryimage","url":"https:\/\/www.euskalit.net\/observatorio\/wp-content\/uploads\/purpose.jpg","contentUrl":"https:\/\/www.euskalit.net\/observatorio\/wp-content\/uploads\/purpose.jpg","width":590,"height":332},{"@type":"BreadcrumbList","@id":"https:\/\/www.euskalit.net\/observatorio\/es\/alineando-el-proposito-de-la-organizacion-y-el-de-las-personas\/#breadcrumb","itemListElement":[{"@type":"ListItem","position":1,"name":"Portada","item":"https:\/\/www.euskalit.net\/observatorio\/es\/"},{"@type":"ListItem","position":2,"name":"Alineando el prop\u00f3sito de la organizaci\u00f3n y el de las personas"}]},{"@type":"WebSite","@id":"https:\/\/www.euskalit.net\/observatorio\/es\/#website","url":"https:\/\/www.euskalit.net\/observatorio\/es\/","name":"Euskalit","description":"Observatorio de Gesti\u00f3n","potentialAction":[{"@type":"SearchAction","target":{"@type":"EntryPoint","urlTemplate":"https:\/\/www.euskalit.net\/observatorio\/es\/?s={search_term_string}"},"query-input":{"@type":"PropertyValueSpecification","valueRequired":true,"valueName":"search_term_string"}}],"inLanguage":"es"},{"@type":"Person","@id":"https:\/\/www.euskalit.net\/observatorio\/es\/#\/schema\/person\/8ec73eee77fe7966bac99cb96c42f57c","name":"Luis Jim\u00e9nez","image":{"@type":"ImageObject","inLanguage":"es","@id":"https:\/\/www.euskalit.net\/observatorio\/es\/#\/schema\/person\/image\/","url":"https:\/\/secure.gravatar.com\/avatar\/b732dcaa0eb9aa7a36f1b0ce7560c1e1?s=96&d=mm&r=g","contentUrl":"https:\/\/secure.gravatar.com\/avatar\/b732dcaa0eb9aa7a36f1b0ce7560c1e1?s=96&d=mm&r=g","caption":"Luis Jim\u00e9nez"},"url":"https:\/\/www.euskalit.net\/observatorio\/es\/author\/luisjimenez\/"}]}},"views":11,"_links":{"self":[{"href":"https:\/\/www.euskalit.net\/observatorio\/es\/wp-json\/wp\/v2\/posts\/2740","targetHints":{"allow":["GET"]}}],"collection":[{"href":"https:\/\/www.euskalit.net\/observatorio\/es\/wp-json\/wp\/v2\/posts"}],"about":[{"href":"https:\/\/www.euskalit.net\/observatorio\/es\/wp-json\/wp\/v2\/types\/post"}],"author":[{"embeddable":true,"href":"https:\/\/www.euskalit.net\/observatorio\/es\/wp-json\/wp\/v2\/users\/3"}],"replies":[{"embeddable":true,"href":"https:\/\/www.euskalit.net\/observatorio\/es\/wp-json\/wp\/v2\/comments?post=2740"}],"version-history":[{"count":16,"href":"https:\/\/www.euskalit.net\/observatorio\/es\/wp-json\/wp\/v2\/posts\/2740\/revisions"}],"predecessor-version":[{"id":2761,"href":"https:\/\/www.euskalit.net\/observatorio\/es\/wp-json\/wp\/v2\/posts\/2740\/revisions\/2761"}],"wp:featuredmedia":[{"embeddable":true,"href":"https:\/\/www.euskalit.net\/observatorio\/es\/wp-json\/wp\/v2\/media\/2756"}],"wp:attachment":[{"href":"https:\/\/www.euskalit.net\/observatorio\/es\/wp-json\/wp\/v2\/media?parent=2740"}],"wp:term":[{"taxonomy":"category","embeddable":true,"href":"https:\/\/www.euskalit.net\/observatorio\/es\/wp-json\/wp\/v2\/categories?post=2740"},{"taxonomy":"post_tag","embeddable":true,"href":"https:\/\/www.euskalit.net\/observatorio\/es\/wp-json\/wp\/v2\/tags?post=2740"}],"curies":[{"name":"wp","href":"https:\/\/api.w.org\/{rel}","templated":true}]}}