{"id":2703,"date":"2023-04-14T08:03:53","date_gmt":"2023-04-14T06:03:53","guid":{"rendered":"https:\/\/www.euskalit.net\/observatorio\/?p=2703"},"modified":"2023-05-18T16:04:09","modified_gmt":"2023-05-18T14:04:09","slug":"evolucion-del-teletrabajo-actualizacion-abril-2023","status":"publish","type":"post","link":"https:\/\/www.euskalit.net\/observatorio\/es\/evolucion-del-teletrabajo-actualizacion-abril-2023\/","title":{"rendered":"Evoluci\u00f3n del teletrabajo, actualizaci\u00f3n abril 2023"},"content":{"rendered":"\n<p>Dada la relevancia que ha adquirido recientemente la modalidad de teletrabajo y de acuerdo a las recomendaciones de la <a href=\"https:\/\/www.euskalit.net\/es\/diagnosticos-evaluacion\/modelo-gestion-avanzada.html\" target=\"_blank\" rel=\"noreferrer noopener\">nueva versi\u00f3n del MGA<\/a> \u2014que incorpora la gesti\u00f3n de las diversas formas de trabajo\u2014 en este observatorio estamos siguiendo de cerca su evoluci\u00f3n. Pueden leerse art\u00edculos anteriores en <a href=\"https:\/\/www.euskalit.net\/observatorio\/es\/como-esta-evolucionando-el-teletrabajo-tras-la-pandemia\/\" target=\"_blank\" rel=\"noreferrer noopener\">este enlace<\/a> y <a href=\"https:\/\/www.euskalit.net\/observatorio\/es\/cuanto-teletrabajo-quieren-las-personas\/\" target=\"_blank\" rel=\"noreferrer noopener\">este otro<\/a> y resultados respecto a sus efectos en las organizaciones en <a href=\"https:\/\/www.euskalit.net\/observatorio\/es\/modelo-hibrido-teletrabajo-presencial-resultados-de-un-gran-ensayo\/\" target=\"_blank\" rel=\"noreferrer noopener\">este art\u00edculo<\/a> y <a href=\"https:\/\/www.euskalit.net\/observatorio\/es\/teletrabajo-y-productividad\/\" target=\"_blank\" rel=\"noreferrer noopener\">este otro<\/a>.<\/p>\n\n\n\n<p>Pues bien, en este nuevo art\u00edculo traemos los datos m\u00e1s recientes de la fuente habitual, el mayor proyecto a nivel mundial que est\u00e1 estudiando este fen\u00f3meno en EE.UU., <a href=\"https:\/\/wfhresearch.com\/\" target=\"_blank\" rel=\"noreferrer noopener\">Working From Home Research<\/a>. Hace tan solo unos d\u00edas <a href=\"https:\/\/wfhresearch.com\/wp-content\/uploads\/2023\/04\/WFHResearch_updates_April2023.pdf\" target=\"_blank\" rel=\"noreferrer noopener\">se public\u00f3 su \u00faltimo informe<\/a> y a continuaci\u00f3n mostramos algunos de los datos m\u00e1s significativos a trav\u00e9s de gr\u00e1ficos.<\/p>\n\n\n\n<p>El porcentaje medio de d\u00edas teletrabajados se mantiene cercano al 30%:<\/p>\n\n\n\n<figure class=\"wp-block-image size-full\"><img loading=\"lazy\" decoding=\"async\" width=\"989\" height=\"620\" src=\"https:\/\/www.euskalit.net\/observatorio\/wp-content\/uploads\/wfh1-2.jpg\" alt=\"\" class=\"wp-image-2704\" srcset=\"https:\/\/www.euskalit.net\/observatorio\/wp-content\/uploads\/wfh1-2.jpg 989w, https:\/\/www.euskalit.net\/observatorio\/wp-content\/uploads\/wfh1-2-300x188.jpg 300w, https:\/\/www.euskalit.net\/observatorio\/wp-content\/uploads\/wfh1-2-768x481.jpg 768w, https:\/\/www.euskalit.net\/observatorio\/wp-content\/uploads\/wfh1-2-810x508.jpg 810w\" sizes=\"auto, (max-width: 989px) 100vw, 989px\" \/><\/figure>\n\n\n\n<p>Del total de las personas, sobre un 40% teletrabajan, un 12% lo hace a tiempo completo y cerca del 30% sigue un modelo h\u00edbrido:<\/p>\n\n\n\n<figure class=\"wp-block-image size-full\"><img loading=\"lazy\" decoding=\"async\" width=\"938\" height=\"680\" src=\"https:\/\/www.euskalit.net\/observatorio\/wp-content\/uploads\/wfh2-2.jpg\" alt=\"\" class=\"wp-image-2706\" srcset=\"https:\/\/www.euskalit.net\/observatorio\/wp-content\/uploads\/wfh2-2.jpg 938w, https:\/\/www.euskalit.net\/observatorio\/wp-content\/uploads\/wfh2-2-300x217.jpg 300w, https:\/\/www.euskalit.net\/observatorio\/wp-content\/uploads\/wfh2-2-768x557.jpg 768w, https:\/\/www.euskalit.net\/observatorio\/wp-content\/uploads\/wfh2-2-810x587.jpg 810w\" sizes=\"auto, (max-width: 938px) 100vw, 938px\" \/><\/figure>\n\n\n\n<p>Entre las personas con un tipo trabajo que permite el teletrabajo, cerca del 20% teletrabaja al 100% y casi la mitad sigue un modelo h\u00edbrido:<\/p>\n\n\n\n<figure class=\"wp-block-image size-full\"><img loading=\"lazy\" decoding=\"async\" width=\"918\" height=\"666\" src=\"https:\/\/www.euskalit.net\/observatorio\/wp-content\/uploads\/wfh5-2.jpg\" alt=\"\" class=\"wp-image-2712\" srcset=\"https:\/\/www.euskalit.net\/observatorio\/wp-content\/uploads\/wfh5-2.jpg 918w, https:\/\/www.euskalit.net\/observatorio\/wp-content\/uploads\/wfh5-2-300x218.jpg 300w, https:\/\/www.euskalit.net\/observatorio\/wp-content\/uploads\/wfh5-2-768x557.jpg 768w, https:\/\/www.euskalit.net\/observatorio\/wp-content\/uploads\/wfh5-2-810x588.jpg 810w\" sizes=\"auto, (max-width: 918px) 100vw, 918px\" \/><\/figure>\n\n\n\n<p>Los planes de las personas empleadoras y los deseos de las personas empleadas respecto al teletrabajo se mantienen estables, entre 2,5 y 2,75 d\u00edas a la semana, respectivamente:<\/p>\n\n\n\n<figure class=\"wp-block-image size-full\"><img loading=\"lazy\" decoding=\"async\" width=\"967\" height=\"648\" src=\"https:\/\/www.euskalit.net\/observatorio\/wp-content\/uploads\/wfh3-2.jpg\" alt=\"\" class=\"wp-image-2708\" srcset=\"https:\/\/www.euskalit.net\/observatorio\/wp-content\/uploads\/wfh3-2.jpg 967w, https:\/\/www.euskalit.net\/observatorio\/wp-content\/uploads\/wfh3-2-300x201.jpg 300w, https:\/\/www.euskalit.net\/observatorio\/wp-content\/uploads\/wfh3-2-768x515.jpg 768w, https:\/\/www.euskalit.net\/observatorio\/wp-content\/uploads\/wfh3-2-810x543.jpg 810w\" sizes=\"auto, (max-width: 967px) 100vw, 967px\" \/><\/figure>\n\n\n\n<p>Los sectores con m\u00e1s d\u00edas de la semana con teletrabajo siguen siendo los de servicios tecnol\u00f3gicos-empresariales y finanzas:<\/p>\n\n\n\n<figure class=\"wp-block-image size-full\"><img loading=\"lazy\" decoding=\"async\" width=\"992\" height=\"694\" src=\"https:\/\/www.euskalit.net\/observatorio\/wp-content\/uploads\/wfh4-1.jpg\" alt=\"\" class=\"wp-image-2710\" srcset=\"https:\/\/www.euskalit.net\/observatorio\/wp-content\/uploads\/wfh4-1.jpg 992w, https:\/\/www.euskalit.net\/observatorio\/wp-content\/uploads\/wfh4-1-300x210.jpg 300w, https:\/\/www.euskalit.net\/observatorio\/wp-content\/uploads\/wfh4-1-768x537.jpg 768w, https:\/\/www.euskalit.net\/observatorio\/wp-content\/uploads\/wfh4-1-810x567.jpg 810w, https:\/\/www.euskalit.net\/observatorio\/wp-content\/uploads\/wfh4-1-145x100.jpg 145w\" sizes=\"auto, (max-width: 992px) 100vw, 992px\" \/><\/figure>\n\n\n\n<p>El porcentaje de teletrabajo var\u00eda seg\u00fan el grupo de edad:<\/p>\n\n\n\n<figure class=\"wp-block-image size-full\"><img loading=\"lazy\" decoding=\"async\" width=\"959\" height=\"696\" src=\"https:\/\/www.euskalit.net\/observatorio\/wp-content\/uploads\/wfh6-1.jpg\" alt=\"\" class=\"wp-image-2714\" srcset=\"https:\/\/www.euskalit.net\/observatorio\/wp-content\/uploads\/wfh6-1.jpg 959w, https:\/\/www.euskalit.net\/observatorio\/wp-content\/uploads\/wfh6-1-300x218.jpg 300w, https:\/\/www.euskalit.net\/observatorio\/wp-content\/uploads\/wfh6-1-768x557.jpg 768w, https:\/\/www.euskalit.net\/observatorio\/wp-content\/uploads\/wfh6-1-810x588.jpg 810w\" sizes=\"auto, (max-width: 959px) 100vw, 959px\" \/><\/figure>\n\n\n\n<p>En lo que respecta a datos m\u00e1s cercanos, lo cierto es que no disponemos de una fuente centralizada y actualizada como la del <a href=\"https:\/\/wfhresearch.com\/\" target=\"_blank\" rel=\"noreferrer noopener\">Working From Home Research<\/a>, pero hace unos d\u00edas se public\u00f3 el art\u00edculo &#8220;<a href=\"https:\/\/www.elconfidencial.com\/mundo\/2023-04-09\/teletrabajo-europa-espana-suecia-tras-pandemia_3606141\/\" target=\"_blank\" rel=\"noreferrer noopener\">La otra brecha de Europa: \u00bfpor qu\u00e9 los suecos teletrabajan m\u00e1s que t\u00fa?<\/a>&#8221; en el diario <a href=\"https:\/\/www.elconfidencial.com\/\" target=\"_blank\" rel=\"noreferrer noopener\">El Confidencial<\/a>, con algo de informaci\u00f3n sobre el tema, tanto de Europa como de Espa\u00f1a (INE). A continuaci\u00f3n pueden verse de forma gr\u00e1fica algunos de los datos incluidos.<\/p>\n\n\n\n<p>Evoluci\u00f3n del teletrabajo en Europa, de 2019 a 2021, con Espa\u00f1a en valores por debajo de la media:<\/p>\n\n\n\n<figure class=\"wp-block-image size-full\"><img loading=\"lazy\" decoding=\"async\" width=\"733\" height=\"696\" src=\"https:\/\/www.euskalit.net\/observatorio\/wp-content\/uploads\/wfh7.jpg\" alt=\"\" class=\"wp-image-2717\" srcset=\"https:\/\/www.euskalit.net\/observatorio\/wp-content\/uploads\/wfh7.jpg 733w, https:\/\/www.euskalit.net\/observatorio\/wp-content\/uploads\/wfh7-300x285.jpg 300w\" sizes=\"auto, (max-width: 733px) 100vw, 733px\" \/><\/figure>\n\n\n\n<p>El porcentaje de personas que ten\u00edan posibilidad de teletrabajar en Espa\u00f1a en 2021, var\u00edaba en funci\u00f3n del nivel educativo:<\/p>\n\n\n\n<figure class=\"wp-block-image size-full\"><img loading=\"lazy\" decoding=\"async\" width=\"743\" height=\"412\" src=\"https:\/\/www.euskalit.net\/observatorio\/wp-content\/uploads\/wfh8.jpg\" alt=\"\" class=\"wp-image-2719\" srcset=\"https:\/\/www.euskalit.net\/observatorio\/wp-content\/uploads\/wfh8.jpg 743w, https:\/\/www.euskalit.net\/observatorio\/wp-content\/uploads\/wfh8-300x166.jpg 300w\" sizes=\"auto, (max-width: 743px) 100vw, 743px\" \/><\/figure>\n\n\n\n<p>El porcentaje de personas que ten\u00edan posibilidad de teletrabajar en Espa\u00f1a en 2021 tambi\u00e9n era diferente en funci\u00f3n del tipo de actividad:<\/p>\n\n\n\n<figure class=\"wp-block-image size-full\"><img loading=\"lazy\" decoding=\"async\" width=\"733\" height=\"431\" src=\"https:\/\/www.euskalit.net\/observatorio\/wp-content\/uploads\/wfh9.jpg\" alt=\"\" class=\"wp-image-2721\" srcset=\"https:\/\/www.euskalit.net\/observatorio\/wp-content\/uploads\/wfh9.jpg 733w, https:\/\/www.euskalit.net\/observatorio\/wp-content\/uploads\/wfh9-300x176.jpg 300w\" sizes=\"auto, (max-width: 733px) 100vw, 733px\" \/><\/figure>\n\n\n\n<p>Las personas m\u00e1s interesadas pueden encontrar bastante m\u00e1s informaci\u00f3n en los enlaces a las fuentes originales. Y, en la medida en la que conozcamos nuevos datos, seguiremos informando a trav\u00e9s de este observatorio.<\/p>\n","protected":false},"excerpt":{"rendered":"<p>Dada la relevancia que ha adquirido recientemente la modalidad de teletrabajo y de acuerdo a las recomendaciones de la nueva versi\u00f3n del MGA \u2014que incorpora la gesti\u00f3n de las diversas formas de trabajo\u2014 en este observatorio estamos siguiendo de cerca su evoluci\u00f3n. Pueden leerse art\u00edculos anteriores en este enlace y este otro y resultados respecto [&hellip;]<\/p>\n","protected":false},"author":3,"featured_media":2714,"comment_status":"closed","ping_status":"closed","sticky":false,"template":"","format":"standard","meta":{"footnotes":""},"categories":[59,2,7],"tags":[],"class_list":["post-2703","post","type-post","status-publish","format-standard","has-post-thumbnail","hentry","category-estadisticas","category-investigacion","category-personas"],"yoast_head":"<!-- This site is optimized with the Yoast SEO plugin v24.6 - https:\/\/yoast.com\/wordpress\/plugins\/seo\/ -->\n<title>Evoluci\u00f3n del teletrabajo, actualizaci\u00f3n abril 2023<\/title>\n<meta name=\"description\" content=\"Seguimos de cerca la evoluci\u00f3n del teletrabajo en 2023, de acuerdo a las recomendaciones de la nueva versi\u00f3n del MGA.\" \/>\n<meta name=\"robots\" content=\"index, follow, max-snippet:-1, max-image-preview:large, max-video-preview:-1\" \/>\n<link rel=\"canonical\" href=\"https:\/\/www.euskalit.net\/observatorio\/es\/evolucion-del-teletrabajo-actualizacion-abril-2023\/\" \/>\n<meta property=\"og:locale\" content=\"es_ES\" \/>\n<meta property=\"og:type\" content=\"article\" \/>\n<meta property=\"og:title\" content=\"Evoluci\u00f3n del teletrabajo, actualizaci\u00f3n abril 2023\" \/>\n<meta property=\"og:description\" content=\"Seguimos de cerca la evoluci\u00f3n del teletrabajo en 2023, de acuerdo a las recomendaciones de la nueva versi\u00f3n del MGA.\" \/>\n<meta property=\"og:url\" content=\"https:\/\/www.euskalit.net\/observatorio\/es\/evolucion-del-teletrabajo-actualizacion-abril-2023\/\" \/>\n<meta property=\"og:site_name\" content=\"Euskalit\" \/>\n<meta property=\"article:published_time\" content=\"2023-04-14T06:03:53+00:00\" \/>\n<meta property=\"article:modified_time\" content=\"2023-05-18T14:04:09+00:00\" \/>\n<meta property=\"og:image\" content=\"https:\/\/www.euskalit.net\/observatorio\/wp-content\/uploads\/wfh6-1.jpg\" \/>\n\t<meta property=\"og:image:width\" content=\"959\" \/>\n\t<meta property=\"og:image:height\" content=\"696\" \/>\n\t<meta property=\"og:image:type\" content=\"image\/jpeg\" \/>\n<meta name=\"author\" content=\"Luis Jim\u00e9nez\" \/>\n<meta name=\"twitter:card\" content=\"summary_large_image\" \/>\n<meta name=\"twitter:label1\" content=\"Escrito por\" \/>\n\t<meta name=\"twitter:data1\" content=\"Luis Jim\u00e9nez\" \/>\n\t<meta name=\"twitter:label2\" content=\"Tiempo de lectura\" \/>\n\t<meta name=\"twitter:data2\" content=\"4 minutos\" \/>\n<script type=\"application\/ld+json\" class=\"yoast-schema-graph\">{\"@context\":\"https:\/\/schema.org\",\"@graph\":[{\"@type\":\"WebPage\",\"@id\":\"https:\/\/www.euskalit.net\/observatorio\/es\/evolucion-del-teletrabajo-actualizacion-abril-2023\/\",\"url\":\"https:\/\/www.euskalit.net\/observatorio\/es\/evolucion-del-teletrabajo-actualizacion-abril-2023\/\",\"name\":\"Evoluci\u00f3n del teletrabajo, actualizaci\u00f3n abril 2023\",\"isPartOf\":{\"@id\":\"https:\/\/www.euskalit.net\/observatorio\/es\/#website\"},\"primaryImageOfPage\":{\"@id\":\"https:\/\/www.euskalit.net\/observatorio\/es\/evolucion-del-teletrabajo-actualizacion-abril-2023\/#primaryimage\"},\"image\":{\"@id\":\"https:\/\/www.euskalit.net\/observatorio\/es\/evolucion-del-teletrabajo-actualizacion-abril-2023\/#primaryimage\"},\"thumbnailUrl\":\"https:\/\/www.euskalit.net\/observatorio\/wp-content\/uploads\/wfh6-1.jpg\",\"datePublished\":\"2023-04-14T06:03:53+00:00\",\"dateModified\":\"2023-05-18T14:04:09+00:00\",\"author\":{\"@id\":\"https:\/\/www.euskalit.net\/observatorio\/es\/#\/schema\/person\/8ec73eee77fe7966bac99cb96c42f57c\"},\"description\":\"Seguimos de cerca la evoluci\u00f3n del teletrabajo en 2023, de acuerdo a las recomendaciones de la nueva versi\u00f3n del MGA.\",\"breadcrumb\":{\"@id\":\"https:\/\/www.euskalit.net\/observatorio\/es\/evolucion-del-teletrabajo-actualizacion-abril-2023\/#breadcrumb\"},\"inLanguage\":\"es\",\"potentialAction\":[{\"@type\":\"ReadAction\",\"target\":[\"https:\/\/www.euskalit.net\/observatorio\/es\/evolucion-del-teletrabajo-actualizacion-abril-2023\/\"]}]},{\"@type\":\"ImageObject\",\"inLanguage\":\"es\",\"@id\":\"https:\/\/www.euskalit.net\/observatorio\/es\/evolucion-del-teletrabajo-actualizacion-abril-2023\/#primaryimage\",\"url\":\"https:\/\/www.euskalit.net\/observatorio\/wp-content\/uploads\/wfh6-1.jpg\",\"contentUrl\":\"https:\/\/www.euskalit.net\/observatorio\/wp-content\/uploads\/wfh6-1.jpg\",\"width\":959,\"height\":696},{\"@type\":\"BreadcrumbList\",\"@id\":\"https:\/\/www.euskalit.net\/observatorio\/es\/evolucion-del-teletrabajo-actualizacion-abril-2023\/#breadcrumb\",\"itemListElement\":[{\"@type\":\"ListItem\",\"position\":1,\"name\":\"Portada\",\"item\":\"https:\/\/www.euskalit.net\/observatorio\/es\/\"},{\"@type\":\"ListItem\",\"position\":2,\"name\":\"Evoluci\u00f3n del teletrabajo, actualizaci\u00f3n abril 2023\"}]},{\"@type\":\"WebSite\",\"@id\":\"https:\/\/www.euskalit.net\/observatorio\/es\/#website\",\"url\":\"https:\/\/www.euskalit.net\/observatorio\/es\/\",\"name\":\"Euskalit\",\"description\":\"Observatorio de Gesti\u00f3n\",\"potentialAction\":[{\"@type\":\"SearchAction\",\"target\":{\"@type\":\"EntryPoint\",\"urlTemplate\":\"https:\/\/www.euskalit.net\/observatorio\/es\/?s={search_term_string}\"},\"query-input\":{\"@type\":\"PropertyValueSpecification\",\"valueRequired\":true,\"valueName\":\"search_term_string\"}}],\"inLanguage\":\"es\"},{\"@type\":\"Person\",\"@id\":\"https:\/\/www.euskalit.net\/observatorio\/es\/#\/schema\/person\/8ec73eee77fe7966bac99cb96c42f57c\",\"name\":\"Luis Jim\u00e9nez\",\"image\":{\"@type\":\"ImageObject\",\"inLanguage\":\"es\",\"@id\":\"https:\/\/www.euskalit.net\/observatorio\/es\/#\/schema\/person\/image\/\",\"url\":\"https:\/\/secure.gravatar.com\/avatar\/b732dcaa0eb9aa7a36f1b0ce7560c1e1?s=96&d=mm&r=g\",\"contentUrl\":\"https:\/\/secure.gravatar.com\/avatar\/b732dcaa0eb9aa7a36f1b0ce7560c1e1?s=96&d=mm&r=g\",\"caption\":\"Luis Jim\u00e9nez\"},\"url\":\"https:\/\/www.euskalit.net\/observatorio\/es\/author\/luisjimenez\/\"}]}<\/script>\n<!-- \/ Yoast SEO plugin. -->","yoast_head_json":{"title":"Evoluci\u00f3n del teletrabajo, actualizaci\u00f3n abril 2023","description":"Seguimos de cerca la evoluci\u00f3n del teletrabajo en 2023, de acuerdo a las recomendaciones de la nueva versi\u00f3n del MGA.","robots":{"index":"index","follow":"follow","max-snippet":"max-snippet:-1","max-image-preview":"max-image-preview:large","max-video-preview":"max-video-preview:-1"},"canonical":"https:\/\/www.euskalit.net\/observatorio\/es\/evolucion-del-teletrabajo-actualizacion-abril-2023\/","og_locale":"es_ES","og_type":"article","og_title":"Evoluci\u00f3n del teletrabajo, actualizaci\u00f3n abril 2023","og_description":"Seguimos de cerca la evoluci\u00f3n del teletrabajo en 2023, de acuerdo a las recomendaciones de la nueva versi\u00f3n del MGA.","og_url":"https:\/\/www.euskalit.net\/observatorio\/es\/evolucion-del-teletrabajo-actualizacion-abril-2023\/","og_site_name":"Euskalit","article_published_time":"2023-04-14T06:03:53+00:00","article_modified_time":"2023-05-18T14:04:09+00:00","og_image":[{"width":959,"height":696,"url":"https:\/\/www.euskalit.net\/observatorio\/wp-content\/uploads\/wfh6-1.jpg","type":"image\/jpeg"}],"author":"Luis Jim\u00e9nez","twitter_card":"summary_large_image","twitter_misc":{"Escrito por":"Luis Jim\u00e9nez","Tiempo de lectura":"4 minutos"},"schema":{"@context":"https:\/\/schema.org","@graph":[{"@type":"WebPage","@id":"https:\/\/www.euskalit.net\/observatorio\/es\/evolucion-del-teletrabajo-actualizacion-abril-2023\/","url":"https:\/\/www.euskalit.net\/observatorio\/es\/evolucion-del-teletrabajo-actualizacion-abril-2023\/","name":"Evoluci\u00f3n del teletrabajo, actualizaci\u00f3n abril 2023","isPartOf":{"@id":"https:\/\/www.euskalit.net\/observatorio\/es\/#website"},"primaryImageOfPage":{"@id":"https:\/\/www.euskalit.net\/observatorio\/es\/evolucion-del-teletrabajo-actualizacion-abril-2023\/#primaryimage"},"image":{"@id":"https:\/\/www.euskalit.net\/observatorio\/es\/evolucion-del-teletrabajo-actualizacion-abril-2023\/#primaryimage"},"thumbnailUrl":"https:\/\/www.euskalit.net\/observatorio\/wp-content\/uploads\/wfh6-1.jpg","datePublished":"2023-04-14T06:03:53+00:00","dateModified":"2023-05-18T14:04:09+00:00","author":{"@id":"https:\/\/www.euskalit.net\/observatorio\/es\/#\/schema\/person\/8ec73eee77fe7966bac99cb96c42f57c"},"description":"Seguimos de cerca la evoluci\u00f3n del teletrabajo en 2023, de acuerdo a las recomendaciones de la nueva versi\u00f3n del MGA.","breadcrumb":{"@id":"https:\/\/www.euskalit.net\/observatorio\/es\/evolucion-del-teletrabajo-actualizacion-abril-2023\/#breadcrumb"},"inLanguage":"es","potentialAction":[{"@type":"ReadAction","target":["https:\/\/www.euskalit.net\/observatorio\/es\/evolucion-del-teletrabajo-actualizacion-abril-2023\/"]}]},{"@type":"ImageObject","inLanguage":"es","@id":"https:\/\/www.euskalit.net\/observatorio\/es\/evolucion-del-teletrabajo-actualizacion-abril-2023\/#primaryimage","url":"https:\/\/www.euskalit.net\/observatorio\/wp-content\/uploads\/wfh6-1.jpg","contentUrl":"https:\/\/www.euskalit.net\/observatorio\/wp-content\/uploads\/wfh6-1.jpg","width":959,"height":696},{"@type":"BreadcrumbList","@id":"https:\/\/www.euskalit.net\/observatorio\/es\/evolucion-del-teletrabajo-actualizacion-abril-2023\/#breadcrumb","itemListElement":[{"@type":"ListItem","position":1,"name":"Portada","item":"https:\/\/www.euskalit.net\/observatorio\/es\/"},{"@type":"ListItem","position":2,"name":"Evoluci\u00f3n del teletrabajo, actualizaci\u00f3n abril 2023"}]},{"@type":"WebSite","@id":"https:\/\/www.euskalit.net\/observatorio\/es\/#website","url":"https:\/\/www.euskalit.net\/observatorio\/es\/","name":"Euskalit","description":"Observatorio de Gesti\u00f3n","potentialAction":[{"@type":"SearchAction","target":{"@type":"EntryPoint","urlTemplate":"https:\/\/www.euskalit.net\/observatorio\/es\/?s={search_term_string}"},"query-input":{"@type":"PropertyValueSpecification","valueRequired":true,"valueName":"search_term_string"}}],"inLanguage":"es"},{"@type":"Person","@id":"https:\/\/www.euskalit.net\/observatorio\/es\/#\/schema\/person\/8ec73eee77fe7966bac99cb96c42f57c","name":"Luis Jim\u00e9nez","image":{"@type":"ImageObject","inLanguage":"es","@id":"https:\/\/www.euskalit.net\/observatorio\/es\/#\/schema\/person\/image\/","url":"https:\/\/secure.gravatar.com\/avatar\/b732dcaa0eb9aa7a36f1b0ce7560c1e1?s=96&d=mm&r=g","contentUrl":"https:\/\/secure.gravatar.com\/avatar\/b732dcaa0eb9aa7a36f1b0ce7560c1e1?s=96&d=mm&r=g","caption":"Luis Jim\u00e9nez"},"url":"https:\/\/www.euskalit.net\/observatorio\/es\/author\/luisjimenez\/"}]}},"views":2,"_links":{"self":[{"href":"https:\/\/www.euskalit.net\/observatorio\/es\/wp-json\/wp\/v2\/posts\/2703","targetHints":{"allow":["GET"]}}],"collection":[{"href":"https:\/\/www.euskalit.net\/observatorio\/es\/wp-json\/wp\/v2\/posts"}],"about":[{"href":"https:\/\/www.euskalit.net\/observatorio\/es\/wp-json\/wp\/v2\/types\/post"}],"author":[{"embeddable":true,"href":"https:\/\/www.euskalit.net\/observatorio\/es\/wp-json\/wp\/v2\/users\/3"}],"replies":[{"embeddable":true,"href":"https:\/\/www.euskalit.net\/observatorio\/es\/wp-json\/wp\/v2\/comments?post=2703"}],"version-history":[{"count":8,"href":"https:\/\/www.euskalit.net\/observatorio\/es\/wp-json\/wp\/v2\/posts\/2703\/revisions"}],"predecessor-version":[{"id":2738,"href":"https:\/\/www.euskalit.net\/observatorio\/es\/wp-json\/wp\/v2\/posts\/2703\/revisions\/2738"}],"wp:featuredmedia":[{"embeddable":true,"href":"https:\/\/www.euskalit.net\/observatorio\/es\/wp-json\/wp\/v2\/media\/2714"}],"wp:attachment":[{"href":"https:\/\/www.euskalit.net\/observatorio\/es\/wp-json\/wp\/v2\/media?parent=2703"}],"wp:term":[{"taxonomy":"category","embeddable":true,"href":"https:\/\/www.euskalit.net\/observatorio\/es\/wp-json\/wp\/v2\/categories?post=2703"},{"taxonomy":"post_tag","embeddable":true,"href":"https:\/\/www.euskalit.net\/observatorio\/es\/wp-json\/wp\/v2\/tags?post=2703"}],"curies":[{"name":"wp","href":"https:\/\/api.w.org\/{rel}","templated":true}]}}